{"id":31744,"date":"2023-11-14T09:20:51","date_gmt":"2023-11-14T08:20:51","guid":{"rendered":"https:\/\/www.adriatiqa.com\/?p=31744"},"modified":"2023-11-14T09:20:51","modified_gmt":"2023-11-14T08:20:51","slug":"ali-poznate-nemsko-abecedo","status":"publish","type":"post","link":"https:\/\/www.adriatiqa.com\/sl\/ali-poznate-nemsko-abecedo\/","title":{"rendered":"Ali poznate nem\u0161ko abecedo?"},"content":{"rendered":"<div class=\"wpb-content-wrapper\"><p>[vc_row][vc_column width=&#8221;2\/3&#8243;][vc_column_text]<strong>Nem\u0161\u010dina v na\u0161em okolju spada med najpogosteje uporabljane tuje jezike. \u0160tevilna podjetja poslujejo s partnerji iz nem\u0161ko govore\u010dih dr\u017eav, zato vam bodo osnove nem\u0161kega jezika vedno pri\u0161le prav. A dejstvo je, da je nem\u0161\u010dina lahko precej zapleten jezik \u2013 prve te\u017eave se obi\u010dajno za\u010dnejo \u017ee kar takoj pri abecedi. \u0160tevilne \u010drke se namre\u010d precej razlikujejo od \u010drk, ki jih poznamo pri nas. Da bi vam bili prvi koraki v svet nem\u0161\u010dine la\u017eji, smo za vas pripravili kratek vodi\u010d po nem\u0161ki abecedi. Ste pripravljeni?<\/strong><\/p>\n<p><strong>Osnovne zna\u010dilnosti nem\u0161ke abecede<\/strong><\/p>\n<p>Poglejmo najprej nekaj osnovnih informacij o nem\u0161ki abecedi. Uporablja se, kot morda \u017ee veste, ne le v Nem\u010diji, pa\u010d pa tudi v drugih nem\u0161ko govore\u010dih dr\u017eavah. Mednje poleg Nem\u010dije spadajo \u0161e Avstrija, \u0160vica, Lihten\u0161tajn in Luksemburg. V nekaterih dr\u017eavah, denimo v \u0160vici in Lihten\u0161tajnu, se abeceda malenkostno razlikuje \u2013 a ve\u010d o tem nekoliko kasneje.<\/p>\n<p>Nem\u0161ka abeceda skupno obsega 30 \u010drk; 26 je osnovnih, skupaj s \u010drkami s preglasi in posebnim dvojnim s pa je skupni se\u0161tevek 30. Ve\u010dina \u010drk je enakih kot v na\u0161i abecedi, nekatere pa so precej posebne, zato imamo z njimi v\u010dasih kar malce te\u017eav.<\/p>\n<p><strong>Spoznajmo preglase<\/strong><\/p>\n<p>Ena od pomembnih zna\u010dilnosti nem\u0161ke abecede in nem\u0161kega jezika na splo\u0161no so zagotovo preglasi. Gre za samostalnike, nad katere zapi\u0161emo dve pikici \u2013 zapis je torej enostaven, izgovor pa v\u010dasih niti ne. Najla\u017eje bo, \u010de pri izgovorjavi mo\u010dno na\u0161obite ustnice, saj se boste tako najbolj pribli\u017eali pravilni izgovorjavi.<\/p>\n<p><em>Umlaut<\/em>, kot preglasu re\u010dejo nem\u0161ko govore\u010di, se pojavlja nad \u010drkami A, O in U. In kako se te \u010drke izgovori?<\/p>\n<p>\u010crka \u00c4 je nekak\u0161na me\u0161anica med \u201ca\u201d in \u201ce\u201d, \u010drka \u00d6 je kombinacija \u201co\u201d in \u201ce\u201d, \u010drko \u00dc pa najbolje opi\u0161emo kot me\u0161anico med \u201cu\u201d in \u201ci\u201d.<\/p>\n<p>In \u0161e ena pogosta tegoba: kako \u010drke s preglasi zapi\u0161emo na ra\u010dunalniku? \u010ce imamo nem\u0161ko tipkovnico, to seveda ni nobena te\u017eava, pri tipkovnici s slovenskimi \u010drkami pa se bomo morali malce znajti. Najprej bomo morali pritisniti tipko ALT, nato pa dodati \u0161e za vsako \u010drko specifi\u010dno kombinacijo \u0161tevilk.<\/p>\n<p>Kombinacije so naslednje:<\/p>\n<p>\u00c4: Alt + 0196<\/p>\n<p>\u00d6: Alt + 0214<\/p>\n<p>\u00dc: Alt + 0220<\/p>\n<p>\u00e4: Alt + 0228<\/p>\n<p>\u00f6: Alt + 0246<\/p>\n<p>\u00fc: Alt + 0252<\/p>\n<p><strong>Kaj pa dvojni s?<\/strong><\/p>\n<p>Dvojni s, ki ga v nem\u0161ki abecedi zapi\u0161emo z znakom \u201c\u00df\u201d, je \u0161e ena od posebnosti nem\u0161kega jezika. Tukaj lahko dodamo \u017ee zgoraj omenjeno zanimivost: \u010deprav je nem\u0161ka abeceda na\u010deloma enaka v vseh nem\u0161ko govore\u010dih dr\u017eavah, pa so v \u0160vici in Lihten\u0161tajnu s\u010dasoma opustili uporabo \u201c\u00df\u201d, \u010drko pa so preprosto nadomestili s \u201css\u201d.<\/p>\n<p>In kako \u00df izgovorimo? Preprosto, kot s. Tudi pri zapisu ni posebnosti; uporabimo enak trik kot pri \u010drkah s preglasom in na svoji tipkovnici pritisnemo naslednje tipke: Alt + 0223.<\/p>\n<p>[\/vc_column_text][\/vc_column][vc_column width=&#8221;1\/3&#8243;][vc_single_image image=&#8221;29427&#8243; img_size=&#8221;large&#8221;][\/vc_column][\/vc_row]<\/p>\n<\/div>","protected":false},"excerpt":{"rendered":"<p>[vc_row][vc_column width=&#8221;2\/3&#8243;][vc_column_text]Nem\u0161\u010dina v na\u0161em okolju spada med najpogosteje uporabljane tuje jezike. \u0160tevilna podjetja poslujejo s partnerji iz nem\u0161ko govore\u010dih dr\u017eav,&#8230;<\/p>\n","protected":false},"author":4,"featured_media":0,"comment_status":"closed","ping_status":"closed","sticky":false,"template":"","format":"standard","meta":{"footnotes":""},"categories":[1],"tags":[],"class_list":{"0":"post-31744","1":"post","2":"type-post","3":"status-publish","4":"format-standard","6":"category-novice"},"yoast_head":"<!-- This site is optimized with the Yoast SEO plugin v27.4 - https:\/\/yoast.com\/product\/yoast-seo-wordpress\/ -->\n<title>Ali poznate nem\u0161ko abecedo? | AdriatIQa Prevodi, prevajalska agencija<\/title>\n<meta name=\"description\" content=\"Nem\u0161\u010dina je lahko precej zapleten jezik, te\u017eave pa se obi\u010dajno za\u010dnejo \u017ee pri abecedi. \u0160tevilne \u010drke se namre\u010d precej razlikujejo od na\u0161ih.\" \/>\n<meta name=\"robots\" content=\"index, follow, max-snippet:-1, max-image-preview:large, max-video-preview:-1\" \/>\n<link rel=\"canonical\" href=\"https:\/\/www.adriatiqa.com\/sl\/ali-poznate-nemsko-abecedo\/\" \/>\n<meta name=\"twitter:label1\" content=\"Written by\" \/>\n\t<meta name=\"twitter:data1\" content=\"AKN\" \/>\n\t<meta name=\"twitter:label2\" content=\"Est. reading time\" \/>\n\t<meta name=\"twitter:data2\" content=\"2 minutes\" \/>\n<script type=\"application\/ld+json\" class=\"yoast-schema-graph\">{\"@context\":\"https:\\\/\\\/schema.org\",\"@graph\":[{\"@type\":\"Article\",\"@id\":\"https:\\\/\\\/www.adriatiqa.com\\\/sl\\\/ali-poznate-nemsko-abecedo\\\/#article\",\"isPartOf\":{\"@id\":\"https:\\\/\\\/www.adriatiqa.com\\\/sl\\\/ali-poznate-nemsko-abecedo\\\/\"},\"author\":{\"name\":\"AKN\",\"@id\":\"https:\\\/\\\/www.adriatiqa.com\\\/sl\\\/#\\\/schema\\\/person\\\/7c0b3ef9a2f19b7ff5211fc46996b5d2\"},\"headline\":\"Ali poznate nem\u0161ko abecedo?\",\"datePublished\":\"2023-11-14T08:20:51+00:00\",\"mainEntityOfPage\":{\"@id\":\"https:\\\/\\\/www.adriatiqa.com\\\/sl\\\/ali-poznate-nemsko-abecedo\\\/\"},\"wordCount\":508,\"publisher\":{\"@id\":\"https:\\\/\\\/www.adriatiqa.com\\\/sl\\\/#organization\"},\"articleSection\":[\"Novice\"],\"inLanguage\":\"sl\"},{\"@type\":\"WebPage\",\"@id\":\"https:\\\/\\\/www.adriatiqa.com\\\/sl\\\/ali-poznate-nemsko-abecedo\\\/\",\"url\":\"https:\\\/\\\/www.adriatiqa.com\\\/sl\\\/ali-poznate-nemsko-abecedo\\\/\",\"name\":\"Ali poznate nem\u0161ko abecedo? | AdriatIQa Prevodi, prevajalska agencija\",\"isPartOf\":{\"@id\":\"https:\\\/\\\/www.adriatiqa.com\\\/sl\\\/#website\"},\"datePublished\":\"2023-11-14T08:20:51+00:00\",\"description\":\"Nem\u0161\u010dina je lahko precej zapleten jezik, te\u017eave pa se obi\u010dajno za\u010dnejo \u017ee pri abecedi. \u0160tevilne \u010drke se namre\u010d precej razlikujejo od na\u0161ih.\",\"breadcrumb\":{\"@id\":\"https:\\\/\\\/www.adriatiqa.com\\\/sl\\\/ali-poznate-nemsko-abecedo\\\/#breadcrumb\"},\"inLanguage\":\"sl\",\"potentialAction\":[{\"@type\":\"ReadAction\",\"target\":[\"https:\\\/\\\/www.adriatiqa.com\\\/sl\\\/ali-poznate-nemsko-abecedo\\\/\"]}]},{\"@type\":\"BreadcrumbList\",\"@id\":\"https:\\\/\\\/www.adriatiqa.com\\\/sl\\\/ali-poznate-nemsko-abecedo\\\/#breadcrumb\",\"itemListElement\":[{\"@type\":\"ListItem\",\"position\":1,\"name\":\"Home\",\"item\":\"https:\\\/\\\/www.adriatiqa.com\\\/sl\\\/\"},{\"@type\":\"ListItem\",\"position\":2,\"name\":\"Ali poznate nem\u0161ko abecedo?\"}]},{\"@type\":\"WebSite\",\"@id\":\"https:\\\/\\\/www.adriatiqa.com\\\/sl\\\/#website\",\"url\":\"https:\\\/\\\/www.adriatiqa.com\\\/sl\\\/\",\"name\":\"AdriatIQa Prevodi, prevajalska agencija\",\"description\":\"Prevajanje, prevod v angle\u0161\u010dino, nem\u0161\u010dino\",\"publisher\":{\"@id\":\"https:\\\/\\\/www.adriatiqa.com\\\/sl\\\/#organization\"},\"potentialAction\":[{\"@type\":\"SearchAction\",\"target\":{\"@type\":\"EntryPoint\",\"urlTemplate\":\"https:\\\/\\\/www.adriatiqa.com\\\/sl\\\/?s={search_term_string}\"},\"query-input\":{\"@type\":\"PropertyValueSpecification\",\"valueRequired\":true,\"valueName\":\"search_term_string\"}}],\"inLanguage\":\"sl\"},{\"@type\":\"Organization\",\"@id\":\"https:\\\/\\\/www.adriatiqa.com\\\/sl\\\/#organization\",\"name\":\"ATE Globalis d.o.o.\",\"url\":\"https:\\\/\\\/www.adriatiqa.com\\\/sl\\\/\",\"logo\":{\"@type\":\"ImageObject\",\"inLanguage\":\"sl\",\"@id\":\"https:\\\/\\\/www.adriatiqa.com\\\/sl\\\/#\\\/schema\\\/logo\\\/image\\\/\",\"url\":\"https:\\\/\\\/www.adriatiqa.com\\\/wp-content\\\/uploads\\\/2012\\\/11\\\/adriatiqa-logo.png\",\"contentUrl\":\"https:\\\/\\\/www.adriatiqa.com\\\/wp-content\\\/uploads\\\/2012\\\/11\\\/adriatiqa-logo.png\",\"width\":297,\"height\":57,\"caption\":\"ATE Globalis d.o.o.\"},\"image\":{\"@id\":\"https:\\\/\\\/www.adriatiqa.com\\\/sl\\\/#\\\/schema\\\/logo\\\/image\\\/\"},\"sameAs\":[\"https:\\\/\\\/www.facebook.com\\\/AdriatIQa\",\"https:\\\/\\\/www.linkedin.com\\\/company\\\/adriatiqa-translations\"]},{\"@type\":\"Person\",\"@id\":\"https:\\\/\\\/www.adriatiqa.com\\\/sl\\\/#\\\/schema\\\/person\\\/7c0b3ef9a2f19b7ff5211fc46996b5d2\",\"name\":\"AKN\",\"image\":{\"@type\":\"ImageObject\",\"inLanguage\":\"sl\",\"@id\":\"https:\\\/\\\/secure.gravatar.com\\\/avatar\\\/55e1ff9e6a0218dd16390817d44703551a93f171901cf89973048ccc6211d735?s=96&d=mm&r=g\",\"url\":\"https:\\\/\\\/secure.gravatar.com\\\/avatar\\\/55e1ff9e6a0218dd16390817d44703551a93f171901cf89973048ccc6211d735?s=96&d=mm&r=g\",\"contentUrl\":\"https:\\\/\\\/secure.gravatar.com\\\/avatar\\\/55e1ff9e6a0218dd16390817d44703551a93f171901cf89973048ccc6211d735?s=96&d=mm&r=g\",\"caption\":\"AKN\"},\"url\":\"https:\\\/\\\/www.adriatiqa.com\\\/sl\\\/author\\\/timeap\\\/\"}]}<\/script>\n<!-- \/ Yoast SEO plugin. -->","yoast_head_json":{"title":"Ali poznate nem\u0161ko abecedo? | AdriatIQa Prevodi, prevajalska agencija","description":"Nem\u0161\u010dina je lahko precej zapleten jezik, te\u017eave pa se obi\u010dajno za\u010dnejo \u017ee pri abecedi. \u0160tevilne \u010drke se namre\u010d precej razlikujejo od na\u0161ih.","robots":{"index":"index","follow":"follow","max-snippet":"max-snippet:-1","max-image-preview":"max-image-preview:large","max-video-preview":"max-video-preview:-1"},"canonical":"https:\/\/www.adriatiqa.com\/sl\/ali-poznate-nemsko-abecedo\/","twitter_misc":{"Written by":"AKN","Est. reading time":"2 minutes"},"schema":{"@context":"https:\/\/schema.org","@graph":[{"@type":"Article","@id":"https:\/\/www.adriatiqa.com\/sl\/ali-poznate-nemsko-abecedo\/#article","isPartOf":{"@id":"https:\/\/www.adriatiqa.com\/sl\/ali-poznate-nemsko-abecedo\/"},"author":{"name":"AKN","@id":"https:\/\/www.adriatiqa.com\/sl\/#\/schema\/person\/7c0b3ef9a2f19b7ff5211fc46996b5d2"},"headline":"Ali poznate nem\u0161ko abecedo?","datePublished":"2023-11-14T08:20:51+00:00","mainEntityOfPage":{"@id":"https:\/\/www.adriatiqa.com\/sl\/ali-poznate-nemsko-abecedo\/"},"wordCount":508,"publisher":{"@id":"https:\/\/www.adriatiqa.com\/sl\/#organization"},"articleSection":["Novice"],"inLanguage":"sl"},{"@type":"WebPage","@id":"https:\/\/www.adriatiqa.com\/sl\/ali-poznate-nemsko-abecedo\/","url":"https:\/\/www.adriatiqa.com\/sl\/ali-poznate-nemsko-abecedo\/","name":"Ali poznate nem\u0161ko abecedo? | AdriatIQa Prevodi, prevajalska agencija","isPartOf":{"@id":"https:\/\/www.adriatiqa.com\/sl\/#website"},"datePublished":"2023-11-14T08:20:51+00:00","description":"Nem\u0161\u010dina je lahko precej zapleten jezik, te\u017eave pa se obi\u010dajno za\u010dnejo \u017ee pri abecedi. \u0160tevilne \u010drke se namre\u010d precej razlikujejo od na\u0161ih.","breadcrumb":{"@id":"https:\/\/www.adriatiqa.com\/sl\/ali-poznate-nemsko-abecedo\/#breadcrumb"},"inLanguage":"sl","potentialAction":[{"@type":"ReadAction","target":["https:\/\/www.adriatiqa.com\/sl\/ali-poznate-nemsko-abecedo\/"]}]},{"@type":"BreadcrumbList","@id":"https:\/\/www.adriatiqa.com\/sl\/ali-poznate-nemsko-abecedo\/#breadcrumb","itemListElement":[{"@type":"ListItem","position":1,"name":"Home","item":"https:\/\/www.adriatiqa.com\/sl\/"},{"@type":"ListItem","position":2,"name":"Ali poznate nem\u0161ko abecedo?"}]},{"@type":"WebSite","@id":"https:\/\/www.adriatiqa.com\/sl\/#website","url":"https:\/\/www.adriatiqa.com\/sl\/","name":"AdriatIQa Prevodi, prevajalska agencija","description":"Prevajanje, prevod v angle\u0161\u010dino, nem\u0161\u010dino","publisher":{"@id":"https:\/\/www.adriatiqa.com\/sl\/#organization"},"potentialAction":[{"@type":"SearchAction","target":{"@type":"EntryPoint","urlTemplate":"https:\/\/www.adriatiqa.com\/sl\/?s={search_term_string}"},"query-input":{"@type":"PropertyValueSpecification","valueRequired":true,"valueName":"search_term_string"}}],"inLanguage":"sl"},{"@type":"Organization","@id":"https:\/\/www.adriatiqa.com\/sl\/#organization","name":"ATE Globalis d.o.o.","url":"https:\/\/www.adriatiqa.com\/sl\/","logo":{"@type":"ImageObject","inLanguage":"sl","@id":"https:\/\/www.adriatiqa.com\/sl\/#\/schema\/logo\/image\/","url":"https:\/\/www.adriatiqa.com\/wp-content\/uploads\/2012\/11\/adriatiqa-logo.png","contentUrl":"https:\/\/www.adriatiqa.com\/wp-content\/uploads\/2012\/11\/adriatiqa-logo.png","width":297,"height":57,"caption":"ATE Globalis d.o.o."},"image":{"@id":"https:\/\/www.adriatiqa.com\/sl\/#\/schema\/logo\/image\/"},"sameAs":["https:\/\/www.facebook.com\/AdriatIQa","https:\/\/www.linkedin.com\/company\/adriatiqa-translations"]},{"@type":"Person","@id":"https:\/\/www.adriatiqa.com\/sl\/#\/schema\/person\/7c0b3ef9a2f19b7ff5211fc46996b5d2","name":"AKN","image":{"@type":"ImageObject","inLanguage":"sl","@id":"https:\/\/secure.gravatar.com\/avatar\/55e1ff9e6a0218dd16390817d44703551a93f171901cf89973048ccc6211d735?s=96&d=mm&r=g","url":"https:\/\/secure.gravatar.com\/avatar\/55e1ff9e6a0218dd16390817d44703551a93f171901cf89973048ccc6211d735?s=96&d=mm&r=g","contentUrl":"https:\/\/secure.gravatar.com\/avatar\/55e1ff9e6a0218dd16390817d44703551a93f171901cf89973048ccc6211d735?s=96&d=mm&r=g","caption":"AKN"},"url":"https:\/\/www.adriatiqa.com\/sl\/author\/timeap\/"}]}},"menu_order":0,"_links":{"self":[{"href":"https:\/\/www.adriatiqa.com\/sl\/wp-json\/wp\/v2\/posts\/31744","targetHints":{"allow":["GET"]}}],"collection":[{"href":"https:\/\/www.adriatiqa.com\/sl\/wp-json\/wp\/v2\/posts"}],"about":[{"href":"https:\/\/www.adriatiqa.com\/sl\/wp-json\/wp\/v2\/types\/post"}],"author":[{"embeddable":true,"href":"https:\/\/www.adriatiqa.com\/sl\/wp-json\/wp\/v2\/users\/4"}],"replies":[{"embeddable":true,"href":"https:\/\/www.adriatiqa.com\/sl\/wp-json\/wp\/v2\/comments?post=31744"}],"version-history":[{"count":1,"href":"https:\/\/www.adriatiqa.com\/sl\/wp-json\/wp\/v2\/posts\/31744\/revisions"}],"predecessor-version":[{"id":31745,"href":"https:\/\/www.adriatiqa.com\/sl\/wp-json\/wp\/v2\/posts\/31744\/revisions\/31745"}],"wp:attachment":[{"href":"https:\/\/www.adriatiqa.com\/sl\/wp-json\/wp\/v2\/media?parent=31744"}],"wp:term":[{"taxonomy":"category","embeddable":true,"href":"https:\/\/www.adriatiqa.com\/sl\/wp-json\/wp\/v2\/categories?post=31744"},{"taxonomy":"post_tag","embeddable":true,"href":"https:\/\/www.adriatiqa.com\/sl\/wp-json\/wp\/v2\/tags?post=31744"}],"curies":[{"name":"wp","href":"https:\/\/api.w.org\/{rel}","templated":true}]}}